{"id":1371,"date":"2025-02-03T15:09:15","date_gmt":"2025-02-03T14:09:15","guid":{"rendered":"https:\/\/adundecimum.it\/?p=1371"},"modified":"2025-02-11T21:46:17","modified_gmt":"2025-02-11T20:46:17","slug":"10-febbraio-2025-giorno-del-ricordo","status":"publish","type":"post","link":"https:\/\/adundecimum.it\/?p=1371","title":{"rendered":"10 febbraio 2025 Giorno del Ricordo"},"content":{"rendered":"\n<p><\/p>\n\n\n\n<p>L\u2019art. 1 della legge che istituisce la ricorrenza afferma che la <em>Repubblica riconosce il 10 febbraio quale \u201c<strong>Giorno del ricordo<\/strong>\u201d al fine di conservare e rinnovare la memoria della tragedia degli italiani e di tutte le vittime delle foibe, dell\u2019esodo dalle loro terre degli istriani, fiumani e dalmati nel secondo dopoguerra e della pi\u00f9 complessa vicenda del confine orientale.<\/em><br><strong>LUNEDI&#8217; 10 febbraio<\/strong> <strong>alle ore 18.00 in Sala Conferenze a Villa Dora<\/strong>\u00a0per il\u00a0<strong>Giorno del RICORDO<\/strong>\u00a0della tragedia delle Foibe e dell&#8217;Esodo dall&#8217;Istria e Dalmazia degli Italiani. Sar\u00e0 con noi la giornalista di TV Capodistria\u00a0<strong>Martina VOCCI,\u00a0<\/strong>insieme al nostro socio Gianfranco Abrami, che ci presenter\u00e0 la sua esperienza di appartenente alla minoranza italiana, con un particolare approfondimento sul futuro della nostra comunit\u00e0. Il suo contributo sar\u00e0 particolarmente interessante perch\u00e8\u00a0\u00e8 responsabile della bella trasmissione televisiva settimanale\u00a0<em><strong>ISTRIA e dintorni<\/strong><\/em>.<\/p>\n","protected":false},"excerpt":{"rendered":"<p>L\u2019art. 1 della legge che istituisce la ricorrenza afferma che la Repubblica riconosce il 10&#8230;<\/p>\n","protected":false},"author":2,"featured_media":1373,"comment_status":"closed","ping_status":"closed","sticky":false,"template":"","format":"standard","meta":{"footnotes":""},"categories":[1],"tags":[],"class_list":["post-1371","post","type-post","status-publish","format-standard","has-post-thumbnail","hentry","category-senza-categoria"],"_links":{"self":[{"href":"https:\/\/adundecimum.it\/index.php?rest_route=\/wp\/v2\/posts\/1371","targetHints":{"allow":["GET"]}}],"collection":[{"href":"https:\/\/adundecimum.it\/index.php?rest_route=\/wp\/v2\/posts"}],"about":[{"href":"https:\/\/adundecimum.it\/index.php?rest_route=\/wp\/v2\/types\/post"}],"author":[{"embeddable":true,"href":"https:\/\/adundecimum.it\/index.php?rest_route=\/wp\/v2\/users\/2"}],"replies":[{"embeddable":true,"href":"https:\/\/adundecimum.it\/index.php?rest_route=%2Fwp%2Fv2%2Fcomments&post=1371"}],"version-history":[{"count":3,"href":"https:\/\/adundecimum.it\/index.php?rest_route=\/wp\/v2\/posts\/1371\/revisions"}],"predecessor-version":[{"id":1377,"href":"https:\/\/adundecimum.it\/index.php?rest_route=\/wp\/v2\/posts\/1371\/revisions\/1377"}],"wp:featuredmedia":[{"embeddable":true,"href":"https:\/\/adundecimum.it\/index.php?rest_route=\/wp\/v2\/media\/1373"}],"wp:attachment":[{"href":"https:\/\/adundecimum.it\/index.php?rest_route=%2Fwp%2Fv2%2Fmedia&parent=1371"}],"wp:term":[{"taxonomy":"category","embeddable":true,"href":"https:\/\/adundecimum.it\/index.php?rest_route=%2Fwp%2Fv2%2Fcategories&post=1371"},{"taxonomy":"post_tag","embeddable":true,"href":"https:\/\/adundecimum.it\/index.php?rest_route=%2Fwp%2Fv2%2Ftags&post=1371"}],"curies":[{"name":"wp","href":"https:\/\/api.w.org\/{rel}","templated":true}]}}